{"id":54,"date":"2021-05-10T11:18:25","date_gmt":"2021-05-10T09:18:25","guid":{"rendered":"https:\/\/hotelapis.pl\/blog\/?p=54"},"modified":"2021-05-24T10:26:15","modified_gmt":"2021-05-24T08:26:15","slug":"moda-w-biznesie-spotkanie-konferencja-aktualne-trendy","status":"publish","type":"post","link":"https:\/\/hotelapis.pl\/blog\/moda-w-biznesie-spotkanie-konferencja-aktualne-trendy\/","title":{"rendered":"Moda w biznesie &#8211; spotkanie, konferencja &#8211; aktualne trendy"},"content":{"rendered":"\n<h2 class=\"wp-block-heading\">Moda w biznesie. <strong>Jak si\u0119 ubra\u0107 na spotkanie biznesowe, konferencj\u0119?<\/strong><\/h2>\n\n\n\n<p>Co wpisuje si\u0119 w aktualne trendy, a czego nie powinni\u015bmy zak\u0142ada\u0107? Odpowiedzi na pytania zwi\u0105zane z zagadnieniem &#8222;<strong>Moda w biznesie<\/strong>&#8221; szukamy przed ka\u017cdym nadchodz\u0105cym wydarzeniem i wyb\u00f3r odpowiedniego stroju, zar\u00f3wno dla kobiet jak i m\u0119\u017cczyzn potrafi by\u0107 nie lada wyzwaniem. Organizatorzy konferencji bardzo cz\u0119sto na przesy\u0142anych zaproszeniach zamieszczaj\u0105 informacje w jakim charakterze b\u0119dzie spotkanie oraz jaki obowi\u0105zuje str\u00f3j.<\/p>\n\n\n\n<p>&nbsp;W przypadku braku takiej informacji musimy wzi\u0105\u0107 pod uwag\u0119 kilka czynnik\u00f3w wp\u0142ywajacych na biznesowy <em>dress code<\/em>:<\/p>\n\n\n\n<ul><li>rodzaj <a href=\"https:\/\/mozaikarestobar.pl\/biznes\/\" target=\"_blank\" rel=\"noreferrer noopener\">spotkania biznesowego<\/a><\/li><li>umiejscowienie wydarzenia<\/li><li>warunki pogodowe<\/li><li>harmonogram zaplanowanych zaj\u0119\u0107 dla uczestnik\u00f3w<\/li><li>dopasowanie \u00a0swojego ubioru do pe\u0142nionego stanowiska<\/li><\/ul>\n\n\n\n<figure class=\"wp-block-image size-large\"><img decoding=\"async\" loading=\"lazy\" width=\"720\" height=\"480\" src=\"https:\/\/hotelapis.pl\/blog\/wp-content\/uploads\/2021\/05\/moda-w-biznesie-1.jpg\" alt=\"moda w biznesie\" class=\"wp-image-224\" srcset=\"https:\/\/hotelapis.pl\/blog\/wp-content\/uploads\/2021\/05\/moda-w-biznesie-1.jpg 720w, https:\/\/hotelapis.pl\/blog\/wp-content\/uploads\/2021\/05\/moda-w-biznesie-1-300x200.jpg 300w\" sizes=\"(max-width: 720px) 100vw, 720px\" \/><\/figure>\n\n\n\n<h2 class=\"wp-block-heading\"><strong>Czy ubi\u00f3r decyduje o tym jak nas postrzegaj\u0105 ?<\/strong><\/h2>\n\n\n\n<p>Na przestrzeni ostatnich lat okre\u015blenie prawid\u0142owego stroju biznesowego wyra\u017anie si\u0119 zmieni\u0142o. Dawniej osoby nosz\u0105ce bardzo oficjalny str\u00f3j by\u0142y postrzegane jako bardziej kompetentne i godne zaufania. Wsp\u00f3\u0142cze\u015bnie przy widocznym rozwoju medi\u00f3w spo\u0142eczno\u015bciowych oraz zakup\u00f3w online to zapatrywanie sukcesywanie si\u0119 zmienia. Aktualnie coraz wi\u0119cej os\u00f3b wybiera bardziej swobodne stylizacje na spotkania biznesowe czy do pracy.<\/p>\n\n\n\n<p>Pami\u0119tajmy ,\u017ce opr\u00f3cz bie\u017c\u0105cych trend\u00f3w czy naszej wygody najwa\u017cniejsze pozostaje utrzymanie profesjonalnego i schludnego wizerunku, kt\u00f3ry wp\u0142ywa na odbi\u00f3r naszej osoby.<\/p>\n\n\n\n<h2 class=\"wp-block-heading\"><strong>Business formal a business casual &#8211; jakie s\u0105 podstawowe r\u00f3\u017cnice w stylach ?<\/strong><\/h2>\n\n\n\n<p><em><u>Business formal<\/u><\/em> inaczej formalny str\u00f3j biznesowy jest uznawany za bardziej konserwatywny i odpowiedni na konferencje biznesowe, oficjalne kolacje oraz wa\u017cne wydarzenia typu ceremonia wr\u0119czenia nagr\u00f3d.<\/p>\n\n\n\n<ul><li>Dla m\u0119\u017cczyzn &#8211; &nbsp;obowi\u0105zkowy garnitur w kolorach takich jak granatowy, grafitowy, szary, popielaty oraz czarny w szczeg\u00f3lno\u015bci na wieczorne spotkania. Przy wyborze czarnego garnituru nale\u017cy unika\u0107 za\u0142o\u017cenia br\u0105zowych but\u00f3w. Wskazany jest r\u00f3wnie\u017c krawat, kt\u00f3rego kolor i ton powinien pasowa\u0107 do koszuli i garnituru. Stylizacj\u0119 dope\u0142ni\u0105 klasyczne buty oxford lub mokasyny dobrane kolorystycznie do pozosta\u0142ej cz\u0119\u015bci ubioru. Jako akcesoria mo\u017cna postawi\u0107 na minimalistyczne spinki do mankiet\u00f3w, poszetk\u0119, spink\u0119 do krawata czy pasek.<\/li><li>Dla kobiet &#8211; do stylu formalnego zaliczamy ciemne spodnie, sp\u00f3dnic\u0119 plus \u017cakiet lub sukienk\u0119. W zale\u017cno\u015bci od okazji mo\u017cemy wybra\u0107 d\u0142ug\u0105 sukni\u0119 wieczorow\u0105. Zalecanymi kolorami s\u0105 : granatowy, grafitowy, czarny, szary, butelkowa ziele\u0144 oraz be\u017c. Str\u00f3j powinien by\u0107 stonowany, zakrywa\u0107 ramiona i kolana i nie by\u0107 przesadnie dopasowany. Je\u015bli chodzi o buty to idealnym rozwi\u0105zaniem s\u0105 cz\u00f3\u0142enka na \u015brednim lub niskim obcasie. Zapewni to po\u0142\u0105czenie eleganckiego wygl\u0105du z wygod\u0105. Niezale\u017cnie od pory roku w przypadku wyboru sukienki lub sp\u00f3dnicy nale\u017cy dobra\u0107 rajstopy lub po\u0144czochy.<\/li><\/ul>\n\n\n\n<p>Ca\u0142o\u015b\u0107 stylizacji mo\u017cna dope\u0142ni\u0107 klasyczn\u0105, delikatn\u0105 bi\u017cuteri\u0105 oraz niedu\u017c\u0105 torebk\u0105.<\/p>\n\n\n\n<p><em><u>Business casual<\/u><\/em><em> <\/em>jest tak zwanym swobodnym strojem biznesowym na codzienne spotkania. Jest on mniej formalny i pozwala na wi\u0119ksz\u0105 ekstrawagancj\u0119 w wyborze ubioru.<\/p>\n\n\n\n<ul><li>Dla m\u0119\u017cczyzn &#8211; odpowiedni str\u00f3j codzienny nie obejmuje krawata i garnituru. Wskazane s\u0105 koszule z ko\u0142nierzykiem w neutralnym kolorze. Mog\u0105 by\u0107 w mniej oficjalnym charakterze, aczkolwiek nadal powinny mie\u0107 d\u0142ugi r\u0119kaw, kt\u00f3ry mo\u017cna podwin\u0105\u0107. Do tego mo\u017cemy dobra\u0107 eleganckie spodnie typu chinosy i marynark\u0119 w pasuj\u0105cym kolorze. W przypadku mniej oficjalnego spotkania dopuszczalne s\u0105 jeansy w jednolitym, stonowanym kolorze, a zamiast marynarki g\u0142adki sweter w serek lub rozpinany.<\/li><li>Dla kobiet &#8211; w przypadku mniej oficjalnego stroju mo\u017cna zrezygnowa\u0107 z marynarki i pozosta\u0107 jedynie przy koszuli lub g\u0142adkiej bluzce , kt\u00f3ra b\u0119dzie zakrywa\u0107 plecy i ramiona. Sp\u00f3dnice i spodnie mo\u017cna dobra\u0107 w delikatne wzory, a kolory najwa\u017cniejsze, aby nie by\u0142y jaskrawe. Casualow\u0105 stylizacj\u0119 mo\u017cna uzupe\u0142ni\u0107 o ciekawe dodatki w postaci torebki, paska czy bi\u017cuterii.<\/li><\/ul>\n\n\n\n<p>Niezale\u017cnie od tego, czy wybieramy styl formalny czy codzienny pami\u0119tajmy, \u017ce wa\u017cniejsza jest jako\u015b\u0107 , a nie ilo\u015b\u0107. Zar\u00f3wno na oficjalnych spotkaniach biznesowych, jak i mniej formalnych konferencjach za pomoc\u0105 prezentowanego przez siebie wygl\u0105du mo\u017cemy zademonstrowa\u0107 sw\u00f3j profesjonalizm oraz firmy, kt\u00f3r\u0105 reprezentujemy.<\/p>\n\n\n\n<p><a href=\"https:\/\/hotelapis.pl\/blog\/jak-rozmawiac-niezobowiazujaco-najwazniejsze-zasady-small-talk\/\" target=\"_blank\" rel=\"noreferrer noopener\">Dowiedz si\u0119 o pi\u0119ciu z\u0142otych zasadach umo\u017cliwiaj\u0105cych zrozumienie small talk.<\/a><\/p>\n","protected":false},"excerpt":{"rendered":"<p>Moda w biznesie. Jak si\u0119 ubra\u0107 na spotkanie biznesowe, konferencj\u0119? Co wpisuje si\u0119 w aktualne trendy, a czego nie powinni\u015bmy zak\u0142ada\u0107? Odpowiedzi na pytania zwi\u0105zane z zagadnieniem &#8222;Moda w biznesie&#8221; szukamy przed ka\u017cdym nadchodz\u0105cym wydarzeniem i wyb\u00f3r odpowiedniego stroju, zar\u00f3wno dla kobiet jak i m\u0119\u017cczyzn potrafi by\u0107 nie lada wyzwaniem. Organizatorzy konferencji bardzo cz\u0119sto na&hellip; <a href=\"https:\/\/hotelapis.pl\/blog\/moda-w-biznesie-spotkanie-konferencja-aktualne-trendy\/\" class=\"more-link\">czytaj dalej <span class=\"screen-reader-text\">Moda w biznesie &#8211; spotkanie, konferencja &#8211; aktualne trendy<\/span><\/a><\/p>\n","protected":false},"author":1,"featured_media":226,"comment_status":"closed","ping_status":"open","sticky":false,"template":"","format":"standard","meta":{"footnotes":""},"categories":[4,6],"tags":[24,23,25,18,20,21,19,22],"aioseo_notices":[],"_links":{"self":[{"href":"https:\/\/hotelapis.pl\/blog\/wp-json\/wp\/v2\/posts\/54"}],"collection":[{"href":"https:\/\/hotelapis.pl\/blog\/wp-json\/wp\/v2\/posts"}],"about":[{"href":"https:\/\/hotelapis.pl\/blog\/wp-json\/wp\/v2\/types\/post"}],"author":[{"embeddable":true,"href":"https:\/\/hotelapis.pl\/blog\/wp-json\/wp\/v2\/users\/1"}],"replies":[{"embeddable":true,"href":"https:\/\/hotelapis.pl\/blog\/wp-json\/wp\/v2\/comments?post=54"}],"version-history":[{"count":5,"href":"https:\/\/hotelapis.pl\/blog\/wp-json\/wp\/v2\/posts\/54\/revisions"}],"predecessor-version":[{"id":225,"href":"https:\/\/hotelapis.pl\/blog\/wp-json\/wp\/v2\/posts\/54\/revisions\/225"}],"wp:featuredmedia":[{"embeddable":true,"href":"https:\/\/hotelapis.pl\/blog\/wp-json\/wp\/v2\/media\/226"}],"wp:attachment":[{"href":"https:\/\/hotelapis.pl\/blog\/wp-json\/wp\/v2\/media?parent=54"}],"wp:term":[{"taxonomy":"category","embeddable":true,"href":"https:\/\/hotelapis.pl\/blog\/wp-json\/wp\/v2\/categories?post=54"},{"taxonomy":"post_tag","embeddable":true,"href":"https:\/\/hotelapis.pl\/blog\/wp-json\/wp\/v2\/tags?post=54"}],"curies":[{"name":"wp","href":"https:\/\/api.w.org\/{rel}","templated":true}]}}