{"id":479,"date":"2023-08-21T12:23:15","date_gmt":"2023-08-21T10:23:15","guid":{"rendered":"https:\/\/hotelapis.pl\/blog\/?p=479"},"modified":"2023-08-21T12:23:16","modified_gmt":"2023-08-21T10:23:16","slug":"wyjazd-sluzbowy-jak-go-zorganizowac-co-zabrac-na-wyjazd","status":"publish","type":"post","link":"https:\/\/hotelapis.pl\/blog\/wyjazd-sluzbowy-jak-go-zorganizowac-co-zabrac-na-wyjazd\/","title":{"rendered":"Wyjazd s\u0142u\u017cbowy \u2013 jak go zorganizowa\u0107. Co zabra\u0107 na wyjazd?"},"content":{"rendered":"\n<p>Wyjazd s\u0142u\u017cbowy to poj\u0119cie znane praktycznie ka\u017cdemu pracownikowi. Wsp\u00f3\u0142czesny rynek pracy cz\u0119sto wymaga podr\u00f3\u017cowania po kraju lub po \u015bwiecie. Wyjazdy takie maj\u0105 r\u00f3\u017cnorodne cele: od udzia\u0142u w szkoleniach, konferencjach, po spotkania biznesowe czy negocjacje. Jak zorganizowa\u0107 wyjazd s\u0142u\u017cbowy?<\/p>\n\n\n\n<h2 class=\"wp-block-heading\">Rozliczanie podr\u00f3\u017cy s\u0142u\u017cbowych \u2013 jak za\u0142atwi\u0107 niezb\u0119dne formalno\u015bci?<\/h2>\n\n\n\n<p>Rozliczenie podr\u00f3\u017cy s\u0142u\u017cbowej zawsze powinno odbywa\u0107 si\u0119 na podstawie polecenia wyjazdu s\u0142u\u017cbowego, po przedstawieniu faktycznych koszt\u00f3w poniesionych w trakcie wyjazdu oraz dokumentu wyliczenia koszt\u00f3w diet, a tak\u017ce innych nale\u017cno\u015bci.<\/p>\n\n\n\n<h3 class=\"wp-block-heading\">Koszty wyjazdu s\u0142u\u017cbowego<\/h3>\n\n\n\n<p>Koszty zwi\u0105zane z wyjazdem s\u0142u\u017cbowym zwykle pokrywa pracodawca. Warto jednak zwr\u00f3ci\u0107 uwag\u0119 na regulaminy firmowe, kt\u00f3re precyzuj\u0105, jakie wydatki s\u0105 refundowane. <strong>Cz\u0119sto pracownicy musz\u0105 zachowa\u0107 paragony i faktury, by m\u00f3c rozliczy\u0107 si\u0119 z koszt\u00f3w.<\/strong><\/p>\n\n\n\n<h3 class=\"wp-block-heading\">Wyjazd s\u0142u\u017cbowy, a dieta<\/h3>\n\n\n\n<p>Podczas wyjazdu s\u0142u\u017cbowego pracownik ma prawo do <strong>diety, kt\u00f3ra ma na celu pokrycie dodatkowych koszt\u00f3w zwi\u0105zanych z pobytem poza miejscem sta\u0142ego zamieszkania<\/strong>. Wysoko\u015b\u0107 diety jest uzale\u017cniona od kraju docelowego, a tak\u017ce &nbsp;czasu trwania podr\u00f3\u017cy.<\/p>\n\n\n\n<h2 class=\"wp-block-heading\">O co warto zadba\u0107 przed wyjazdem s\u0142u\u017cbowym?<\/h2>\n\n\n\n<p>Kluczowe jest dobrze zaplanowanie podr\u00f3\u017cy s\u0142u\u017cbowej. Obejmuje to nie tylko rezerwacj\u0119 transportu i zakwaterowania, ale te\u017c ustalenie harmonogramu spotka\u0144, przygotowanie niezb\u0119dnych materia\u0142\u00f3w oraz upewnienie si\u0119, \u017ce wszyscy uczestnicy s\u0105 na bie\u017c\u0105co z planem wyjazdu.<\/p>\n\n\n\n<p>Je\u015bli wyjazd s\u0142u\u017cbowy odbywa si\u0119 za granic\u0119, niezb\u0119dne jest sprawdzenie, czy pracownik jest odpowiednio ubezpieczony. Dotyczy to zar\u00f3wno ubezpieczenia zdrowotnego, jak i na wypadek r\u00f3\u017cnego rodzaju nieprzewidzianych zdarze\u0144.<\/p>\n\n\n\n<h2 class=\"wp-block-heading\">Co zabra\u0107 na wyjazd s\u0142u\u017cbowy?<\/h2>\n\n\n\n<p>Pakowanie walizki na wyjazd s\u0142u\u017cbowy wymaga chwili namys\u0142u, warto wcze\u015bniej przygotowa\u0107 list\u0119 potrzebnych rzeczy, a tak\u017ce skonsultowa\u0107 j\u0105 z innymi pracownikami. <strong>Pakuj\u0105c si\u0119 na wyjazd s\u0142u\u017cbowy nie zapomnij dokument\u00f3w, a tak\u017ce identyfikator\u00f3w<\/strong>, kt\u00f3re mog\u0105 by\u0107 potrzebne podczas spotka\u0144 z klientami. Nie zapomnij bilet\u00f3w. Niezwykle wa\u017cny jest tak\u017ce <strong>niezb\u0119dny sprz\u0119t,<\/strong> kt\u00f3ry powinien by\u0107 odpowiednio zabezpieczony, warto tak\u017ce pami\u0119ta\u0107 o \u0142adowarkach. Podczas wyjazdu s\u0142u\u017cbowego niezwykle wa\u017cne jest <strong>ubranie<\/strong>. Warto zabra\u0107 odpowiedni\u0105 ilo\u015b\u0107 koszul, kt\u00f3re mo\u017cemy wymieni\u0107 w trakcie dnia, np. po ubrudzeniu. Nie zapomnij swojego stroju s\u0142u\u017cbowego, a tak\u017ce lu\u017aniejszych ubra\u0144 na wieczory, odpoczynek i integracj\u0119 z innymi pracownikami. Zadbaj o <strong>wygodne obuwie<\/strong>. Warto zabra\u0107 tak\u017ce <strong>powerbank<\/strong>, kt\u00f3ry mo\u017ce okaza\u0107 si\u0119 niezb\u0119dny podczas zabieganego dnia. Nie zapomnij tak\u017ce o <strong>okryciu wierzchnim, przyborach higienicznych, notesie oraz wizyt\u00f3wkach.<\/strong><\/p>\n\n\n\n<figure class=\"wp-block-image size-large\"><img decoding=\"async\" loading=\"lazy\" width=\"1024\" height=\"683\" src=\"https:\/\/hotelapis.pl\/blog\/wp-content\/uploads\/2021\/11\/zdjecie-Glowne-1024x683.jpg\" alt=\"\" class=\"wp-image-347\" srcset=\"https:\/\/hotelapis.pl\/blog\/wp-content\/uploads\/2021\/11\/zdjecie-Glowne-1024x683.jpg 1024w, https:\/\/hotelapis.pl\/blog\/wp-content\/uploads\/2021\/11\/zdjecie-Glowne-300x200.jpg 300w, https:\/\/hotelapis.pl\/blog\/wp-content\/uploads\/2021\/11\/zdjecie-Glowne-768x512.jpg 768w, https:\/\/hotelapis.pl\/blog\/wp-content\/uploads\/2021\/11\/zdjecie-Glowne-1536x1024.jpg 1536w, https:\/\/hotelapis.pl\/blog\/wp-content\/uploads\/2021\/11\/zdjecie-Glowne-2048x1365.jpg 2048w\" sizes=\"(max-width: 1024px) 100vw, 1024px\" \/><\/figure>\n\n\n\n<h2 class=\"wp-block-heading\">Zakwaterowanie w trakcie wyjazdu s\u0142u\u017cbowego<\/h2>\n\n\n\n<p><strong>Najwa\u017cniejszym punktem wyjazdu s\u0142u\u017cbowego jest zakwaterowanie oraz organizacja odpowiedniej przestrzeni do spotka\u0144<\/strong>, dlatego je\u017celi zale\u017cy nam na komforcie oraz profesjonalizmie warto rozwa\u017cy\u0107 rezerwacj\u0119 noclegu w hotelu, kt\u00f3ry posiada tak\u017ce sale konferencyjne lub szkoleniowe, w kt\u00f3rych mo\u017cemy spotka\u0107 si\u0119 z naszymi klientami.<\/p>\n\n\n\n<p>Podczas podr\u00f3\u017cy s\u0142u\u017cbowej niezwykle wa\u017cny jest komfort pracownik\u00f3w, kt\u00f3rzy zazwyczaj sp\u0119dzaj\u0105 du\u017co czasu w trasie, a tak\u017ce sp\u0119dzaj\u0105 dni na wa\u017cnych spotkaniach, dlatego odpowiedni odpoczynek to kluczowa sprawa. Podczas wyboru hotelu warto wzi\u0105\u0107 pod uwag\u0119 kameralne miejsca z dobrym <strong>dojazdem do centrum, restauracj\u0105, a tak\u017ce stref\u0105 wellness.<\/strong><\/p>\n\n\n\n<figure class=\"wp-block-image size-full\"><img decoding=\"async\" loading=\"lazy\" width=\"760\" height=\"380\" src=\"https:\/\/hotelapis.pl\/blog\/wp-content\/uploads\/2022\/09\/Sala-konferenyjna-luzne-ustawienie.jpg\" alt=\"\" class=\"wp-image-384\" srcset=\"https:\/\/hotelapis.pl\/blog\/wp-content\/uploads\/2022\/09\/Sala-konferenyjna-luzne-ustawienie.jpg 760w, https:\/\/hotelapis.pl\/blog\/wp-content\/uploads\/2022\/09\/Sala-konferenyjna-luzne-ustawienie-300x150.jpg 300w\" sizes=\"(max-width: 760px) 100vw, 760px\" \/><figcaption>Sala konferencyjna w hotelu <\/figcaption><\/figure>\n\n\n\n<p><strong>Zobacz tak\u017ce: <a href=\"https:\/\/hotelapis.pl\/blog\/wynajem-sali-konferencyjnej-w-krakowie-apis-hotel\/\">Wynajem sali konferencyjnej w Krakowie \u2013 jak wybra\u0107 najlepsze pomieszczenie na biznesowe spotkanie?<\/a><\/strong><\/p>\n\n\n\n<h3 class=\"wp-block-heading\">Odpoczynek \u2013 wa\u017cny element wyjazdu s\u0142u\u017cbowego<\/h3>\n\n\n\n<p>Chocia\u017c wyjazd s\u0142u\u017cbowy kojarzy nam si\u0119 z du\u017c\u0105 ilo\u015bci\u0105 spotka\u0144 oraz ogromn\u0105 ilo\u015bci\u0105 pracy nie nale\u017cy w tym czasie zapomina\u0107 o odpoczynku i regeneracji. <strong>Podczas rezerwacji hotelu warto zwr\u00f3ci\u0107 uwag\u0119 na przestrze\u0144 do pracy i odpoczynku.<\/strong> <strong><a href=\"https:\/\/hotelapis.pl\/wellness\">Strefa wellness<\/a><\/strong> w hotelu to idealnie rozwi\u0105zanie, kt\u00f3re pozwoli na relaks po ca\u0142ym dniu pracy. Koj\u0105ca atmosfera i przyjemne d\u017awi\u0119ki muzyki sprawi\u0105, \u017ce pracownicy b\u0119d\u0105 wypocz\u0119ci i ch\u0119tni do dalszego dzia\u0142ania.<\/p>\n\n\n\n<figure class=\"wp-block-image size-large\"><img decoding=\"async\" loading=\"lazy\" width=\"1024\" height=\"687\" src=\"https:\/\/hotelapis.pl\/blog\/wp-content\/uploads\/2023\/03\/sauna-1024x687.jpg\" alt=\"\" class=\"wp-image-438\" srcset=\"https:\/\/hotelapis.pl\/blog\/wp-content\/uploads\/2023\/03\/sauna-1024x687.jpg 1024w, https:\/\/hotelapis.pl\/blog\/wp-content\/uploads\/2023\/03\/sauna-300x201.jpg 300w, https:\/\/hotelapis.pl\/blog\/wp-content\/uploads\/2023\/03\/sauna-768x516.jpg 768w, https:\/\/hotelapis.pl\/blog\/wp-content\/uploads\/2023\/03\/sauna.jpg 1144w\" sizes=\"(max-width: 1024px) 100vw, 1024px\" \/><\/figure>\n\n\n\n<p>Warto tak\u017ce rozwa\u017cy\u0107 rezerwacj\u0119 hotelu, kt\u00f3ry posiada w\u0142asn\u0105 <strong><a href=\"https:\/\/hotelapis.pl\/restauracja\">restauracj\u0119<\/a><\/strong>, dzi\u0119ki temu nie b\u0119dziemy musieli martwi\u0107 si\u0119 o posi\u0142ki dla pracownik\u00f3w. To tak\u017ce doskona\u0142e miejsce do spotkania si\u0119 i zaplanowania harmonogramu dalszych dzia\u0142a\u0144. Restauracja to tak\u017ce doskona\u0142e miejsce do wieczornych spotka\u0144 i relaksu.<\/p>\n\n\n\n<h2 class=\"wp-block-heading\">Organizacja wyjazdu s\u0142u\u017cbowego, a pakiet biznesowy<\/h2>\n\n\n\n<p>Organizuj\u0105c wyjazd s\u0142u\u017cbowy warto zainteresowa\u0107 si\u0119 <strong><a href=\"https:\/\/hotelapis.pl\/oferty\/62\">pakietami biznesowymi<\/a><\/strong> dost\u0119pnymi w hotelach. Wybieraj\u0105c takie rozwi\u0105zanie otrzymujemy spersonalizowan\u0105 ofert\u0119, dzi\u0119ki kt\u00f3rej nie musimy martwi\u0107 si\u0119 takimi szczeg\u00f3\u0142ami jak parking, catering czy wi-fi.<\/p>\n\n\n\n<h2 class=\"wp-block-heading\">Zorganizuj wyjazd s\u0142u\u017cbowy w Krakowie w Hotel Apis<\/h2>\n\n\n\n<p>Poszukujesz kameralnego hotelu na sw\u00f3j wyjazd s\u0142u\u017cbowy, ale zale\u017cy Ci na dobrej lokalizacji i miejscu, w kt\u00f3rym mo\u017cesz zorganizowa\u0107 spotkania z klientami? <strong><a href=\"https:\/\/hotelapis.pl\/oferty\/62\">Hotel Apis<\/a><\/strong> znajduje si\u0119 w p\u00f3\u0142nocnej cz\u0119\u015bci <a href=\"https:\/\/www.krakow.pl\/\" target=\"_blank\" rel=\"noreferrer noopener\" title=\"Krakowa\">Krakowa<\/a>, nieca\u0142e 3 km od Starego Miasta. Na miejscu czeka na Ciebie parking, na kt\u00f3rym mo\u017cesz zostawi\u0107 sw\u00f3j samoch\u00f3d i porusza\u0107 si\u0119 za pomoc\u0105 komunikacji miejskiej. <strong>Hotel Apis to doskona\u0142y wyb\u00f3r na podr\u00f3\u017c s\u0142u\u017cbow\u0105. W naszej ofercie znajdziesz specjalne pakiety biznesowe<\/strong>. Oferujemy komfortowe i <a href=\"https:\/\/www.krakow.pl\/\">https:\/\/www.krakow.pl\/<\/a>nowoczesne sale szkoleniowe, a tak\u017ce pi\u0119kny ogr\u00f3d i stref\u0119 wellness.<\/p>\n\n\n\n<p><strong><a href=\"https:\/\/hotelapis.pl\/oferty\/62\">Zarezerwuj pobyt s\u0142u\u017cbowy w Hotelu Apis<\/a><\/strong><\/p>\n\n\n\n<p><\/p>\n\n\n\n<p><\/p>\n","protected":false},"excerpt":{"rendered":"<p>Wyjazd s\u0142u\u017cbowy to poj\u0119cie znane praktycznie ka\u017cdemu pracownikowi. Wsp\u00f3\u0142czesny rynek pracy cz\u0119sto wymaga podr\u00f3\u017cowania po kraju lub po \u015bwiecie. Wyjazdy takie maj\u0105 r\u00f3\u017cnorodne cele: od udzia\u0142u w szkoleniach, konferencjach, po spotkania biznesowe czy negocjacje. Jak zorganizowa\u0107 wyjazd s\u0142u\u017cbowy? Rozliczanie podr\u00f3\u017cy s\u0142u\u017cbowych \u2013 jak za\u0142atwi\u0107 niezb\u0119dne formalno\u015bci? Rozliczenie podr\u00f3\u017cy s\u0142u\u017cbowej zawsze powinno odbywa\u0107 si\u0119 na podstawie&hellip; <a href=\"https:\/\/hotelapis.pl\/blog\/wyjazd-sluzbowy-jak-go-zorganizowac-co-zabrac-na-wyjazd\/\" class=\"more-link\">czytaj dalej <span class=\"screen-reader-text\">Wyjazd s\u0142u\u017cbowy \u2013 jak go zorganizowa\u0107. Co zabra\u0107 na wyjazd?<\/span><\/a><\/p>\n","protected":false},"author":1,"featured_media":480,"comment_status":"closed","ping_status":"open","sticky":false,"template":"","format":"standard","meta":{"footnotes":""},"categories":[1,4,3,6],"tags":[126,73,102,72,68,127],"aioseo_notices":[],"_links":{"self":[{"href":"https:\/\/hotelapis.pl\/blog\/wp-json\/wp\/v2\/posts\/479"}],"collection":[{"href":"https:\/\/hotelapis.pl\/blog\/wp-json\/wp\/v2\/posts"}],"about":[{"href":"https:\/\/hotelapis.pl\/blog\/wp-json\/wp\/v2\/types\/post"}],"author":[{"embeddable":true,"href":"https:\/\/hotelapis.pl\/blog\/wp-json\/wp\/v2\/users\/1"}],"replies":[{"embeddable":true,"href":"https:\/\/hotelapis.pl\/blog\/wp-json\/wp\/v2\/comments?post=479"}],"version-history":[{"count":1,"href":"https:\/\/hotelapis.pl\/blog\/wp-json\/wp\/v2\/posts\/479\/revisions"}],"predecessor-version":[{"id":481,"href":"https:\/\/hotelapis.pl\/blog\/wp-json\/wp\/v2\/posts\/479\/revisions\/481"}],"wp:featuredmedia":[{"embeddable":true,"href":"https:\/\/hotelapis.pl\/blog\/wp-json\/wp\/v2\/media\/480"}],"wp:attachment":[{"href":"https:\/\/hotelapis.pl\/blog\/wp-json\/wp\/v2\/media?parent=479"}],"wp:term":[{"taxonomy":"category","embeddable":true,"href":"https:\/\/hotelapis.pl\/blog\/wp-json\/wp\/v2\/categories?post=479"},{"taxonomy":"post_tag","embeddable":true,"href":"https:\/\/hotelapis.pl\/blog\/wp-json\/wp\/v2\/tags?post=479"}],"curies":[{"name":"wp","href":"https:\/\/api.w.org\/{rel}","templated":true}]}}